{"id":1372,"date":"2026-08-31T07:35:18","date_gmt":"2026-08-31T07:35:18","guid":{"rendered":"https:\/\/jeshua.net\/esp\/?p=1372"},"modified":"2026-08-31T07:35:18","modified_gmt":"2026-08-31T07:35:18","slug":"el-milagro-ya-ha-sucedido","status":"publish","type":"post","link":"https:\/\/jeshua.net\/esp\/canalizaciones\/mananas-con-jeshua\/el-milagro-ya-ha-sucedido\/","title":{"rendered":"El Milagro ya ha sucedido"},"content":{"rendered":"\n<p class=\"wp-block-paragraph\"><strong><em>Pamela Kribbe canaliza a Jeshua<\/em><\/strong><\/p>\n\n\n\n<p class=\"wp-block-paragraph\">Queridos amigos,<\/p>\n\n\n\n<p class=\"wp-block-paragraph\">Soy Jeshua. Estoy aqu\u00ed con vosotros para recordaros de un futuro que os aguarda, pero que ya est\u00e1 presente en vuestro interior. Os dirig\u00eds hacia el futuro y, al mismo tiempo, os dirig\u00eds tambi\u00e9n hacia el pasado, regresando a la esencia de qui\u00e9nes sois y de qui\u00e9nes siempre hab\u00e9is sido.<\/p>\n\n\n\n<p class=\"wp-block-paragraph\">Llegar a ser quien realmente eres es, en esencia, un viaje a trav\u00e9s del tiempo, pero tambi\u00e9n es un viaje fuera del tiempo: un viaje interior que no puede medirse en t\u00e9rminos de progreso lineal. Todos vosotros os hab\u00e9is convertido en prisioneros del concepto del tiempo tal como se concibe en la Tierra. Resulta muy limitante veros a vosotros mismos avanzando en un proceso lineal, de A a B, en el cual comenz\u00e1is a ser \u00abm\u00e1s\u00bb y vais \u00abhacia adelante\u00bb. Os sent\u00eds prisioneros y esclavos de la idea de que deb\u00e9is seguir avanzando y que siempre hay algo m\u00e1s all\u00e1 del horizonte.<\/p>\n\n\n\n<p class=\"wp-block-paragraph\">Naturalmente existe un proceso de desarrollo del alma, pero ese es un proceso mediante el cual recuerdas m\u00e1s y te haces m\u00e1s consciente de lo que t\u00fa ya realmente eres. El milagro ya ha ocurrido\u2014\u00a1ya est\u00e1s ah\u00ed! Permite que esta revelaci\u00f3n penetre profundamente en ti por un momento: eres una hermosa creaci\u00f3n, en la cual la conciencia dentro de ti est\u00e1 creciendo. Cuanto m\u00e1s abarque esa conciencia todo aquello que eres, m\u00e1s Luz irradiar\u00e1 dentro de la creaci\u00f3n de quien eres. Y ese proceso, en realidad, tiene lugar en el Ahora; o, mejor dicho, en una dimensi\u00f3n situada m\u00e1s all\u00e1 del tiempo.<\/p>\n\n\n\n<p class=\"wp-block-paragraph\">Espiritualmente hablando, todo progreso es en realidad una experiencia de recordar qui\u00e9n eres. Pero, al recordarte a ti mismo, tambi\u00e9n creas algo en el tiempo. Por ejemplo, observas diversas capas de tu ser\u2014tus propios miedos, desconfianzas o enojos\u2014con dulzura y compasi\u00f3n, con comprensi\u00f3n y amor; y, de este modo, surge una nueva imagen de qui\u00e9n eres.<\/p>\n\n\n\n<p class=\"wp-block-paragraph\">Reconoces tu propia inocencia, reconoces tus propias profundidades; y con este reconocimiento, tu conciencia se expande y, al mismo tiempo, comienzas, a\u00fan m\u00e1s, a ser quien realmente eres. El amor que fluye dentro de ti\u2014ese amor que pertenece a tu esencia\u2014se hace m\u00e1s visible para el mundo y para los dem\u00e1s, y m\u00e1s visible para ti mismo. As\u00ed pues, existe un proceso de crecimiento, mientras que, al mismo tiempo, t\u00fa ya eres eso; el futuro ya est\u00e1 contenido en tu pasado. Permite que este conocimiento te de tranquilidad; no necesitas construirte, crearte, ni edificarte\u2014ya eres todo aquello que deseas ser. Lo \u00fanico que importa es que reconozcas este hecho y que dejes de luchar con la vida y contigo mismo.<\/p>\n\n\n\n<p class=\"wp-block-paragraph\">Existe una ilusi\u00f3n persistente en el pensamiento humano de que eres insuficiente; de que hay una carencia que debe suplirse; de que algo anda mal; de que existe alg\u00fan defecto. Y puedes llegar a ocuparte intensamente en tratar de resolver esa carencia, tratando de corregirla. Partes de la premisa de que algo falla en ti y que te falta algo.<\/p>\n\n\n\n<p class=\"wp-block-paragraph\">\u00bfTe das cuenta de que esa premisa inicial no es la correcta? Si te ves a ti mismo de esa manera, te ves irremediablemente envuelto en una lucha contra ti mismo. Si puedes mirarte con compasi\u00f3n y verte como un milagro en proceso, entonces la paz desciende dentro de ti. Suelta la idea de que de una u otra forma no eres suficiente, de que no est\u00e1s completo o que algo no est\u00e1 bien en ti. Ten la certeza de que eres una parte incondicional de Dios, de la creaci\u00f3n, de todo lo que vive. Suelta la idea de que tienes que hacer algo para estar completo.<\/p>\n\n\n\n<p class=\"wp-block-paragraph\">Eso suena absolutamente loco, porque la b\u00fasqueda de la plenitud parece ser la esencia del camino espiritual. Pero, en realidad, cuando entras en conflicto con la vida y con el tiempo, ese conflicto te aleja de ti mismo. Siempre existe la sensaci\u00f3n de que las cosas deber\u00edan suceder m\u00e1s r\u00e1pido de como realmente ocurren, y as\u00ed surgen la decepci\u00f3n y la frustraci\u00f3n.<\/p>\n\n\n\n<p class=\"wp-block-paragraph\">Sin embargo, el milagro que esperas no sucede en el tiempo, ni mediante el esfuerzo, el trabajo o la lucha. Ocurre de forma inesperada, de repente, cuando te das cuenta: \u00abYo ya soy eso, y est\u00e1 bien as\u00ed\u2014ser parte de la humanidad con todo lo que ello conlleva: sentimientos de luz y de oscuridad, pensamientos, emociones, y estados de \u00e1nimo\u00bb.<\/p>\n\n\n\n<p class=\"wp-block-paragraph\">Si puedes contemplarlo todo con una sonrisa, con una comprensi\u00f3n c\u00e1lida o incluso, en ocasiones, con humor, entonces te acercas mucho m\u00e1s a la plenitud a la que se refiere el verdadero aprendizaje espiritual. Se trata de fluir con lo que es, de no ir en contra de la vida, sino de permitir que \u00e9sta se desarrolle de forma natural. Esa actitud es la que te conduce a tu meta. La vida misma desea moverse en ti y a trav\u00e9s de ti; si asumes que la vida es buena y que se dirige hacia la plenitud, entonces no necesitas hacer nada\u2014no tienes que crearla, sucede por s\u00ed sola. Lo \u00fanico que debes hacer es abandonar la ilusi\u00f3n de que no eres lo bastante bueno, de que hay algo malo en ti, o de que necesitas trabajar en ti mismo.<\/p>\n\n\n\n<p class=\"wp-block-paragraph\">Quiero invitarte a que te unas a m\u00ed en una visualizaci\u00f3n en la cual te llevo a conectar con el s\u00edmbolo de la cruz\u2014una cruz interior. Imagina una cruz que atraviesa tu cuerpo: tus brazos forman el travesa\u00f1o horizontal y el resto de tu cuerpo constituye el eje vertical. Estos ejes se conectan en el centro, a la altura de tu coraz\u00f3n. En esta imagen, el travesa\u00f1o horizontal te conecta con el mundo visible que te rodea aqu\u00ed en la Tierra. Es tu conexi\u00f3n con el mundo f\u00edsico, con las personas de tu entorno, y con la sociedad.<\/p>\n\n\n\n<p class=\"wp-block-paragraph\">Luego est\u00e1 la dimensi\u00f3n del eje vertical, que se extiende desde la coronilla hacia el cosmos y te conecta con el cielo\u2014por as\u00ed decirlo\u2014con lo c\u00f3smico, lo espiritual, con tu propia alma. En la base de ese eje vertical se encuentra la Tierra, sobre la que descansan tus pies. El arte de vivir consiste en permanecer, cuanto m\u00e1s puedas, en el punto central, en el medio de todas las influencias que experimentas y las decisiones que tomas. Es aqu\u00ed, en el centro de la cruz, donde ambos flujos convergen de forma natural: donde te mantienes en conexi\u00f3n con tu ser superior, tu alma, y en conexi\u00f3n con la Tierra\u2014el flujo vertical\u2014y, al mismo tiempo, est\u00e1s conectado con la vida en la Tierra, con el mundo que te rodea\u2014el flujo horizontal.<\/p>\n\n\n\n<p class=\"wp-block-paragraph\">Ve si puedes percibir en tu interior d\u00f3nde se sit\u00faa m\u00e1s frecuentemente tu conciencia dentro de esta imagen de la cruz. Imagina que tu conciencia es una esfera de Luz. Observa d\u00f3nde suele ubicarse de manera natural\u2014\u00bfen el centro, en la parte inferior o en la superior? \u00bfM\u00e1s bien en el brazo horizontal o en el vertical? Simplemente presta atenci\u00f3n a la imagen que surge espont\u00e1neamente desde el lugar donde tu conciencia se sit\u00faa habitualmente, y percibe qu\u00e9 sensaci\u00f3n te transmite.<\/p>\n\n\n\n<p class=\"wp-block-paragraph\">Ahora, imagina que tu conciencia\u2014esa esfera de Luz\u2014est\u00e1 totalmente centrada en tu coraz\u00f3n, en el punto donde se cruzan ambos ejes, y observa qu\u00e9 efecto eso produce en ti. \u00bfQu\u00e9 podr\u00eda cambiar en tu forma de estar ahora en el mundo? \u00bfPodr\u00edas hacer ciertas cosas de otra manera o relacionarte con los dem\u00e1s de forma distinta? Observa qu\u00e9 se requiere para permanecer plenamente en el centro de la cruz.<\/p>\n\n\n\n<p class=\"wp-block-paragraph\">Es posible que algunos de ustedes est\u00e9n demasiado localizados en el brazo horizontal de la cruz\u2014que su atenci\u00f3n est\u00e9 absorbida por los asuntos del mundo exterior, y que pierdan la conexi\u00f3n con su canal interior y c\u00f3smico. A largo plazo, esto les provocar\u00e1 inquietud, o cansancio y una sensaci\u00f3n de insatisfacci\u00f3n. O bien, podr\u00eda ocurrir que a veces se sit\u00faen demasiado en el eje vertical, que vivan muy volcados hacia su mundo interior, y que el flujo hacia el exterior sea insuficiente. Cuando no logras expresarte adecuadamente en el mundo exterior, es se\u00f1al de que no hay suficiente energ\u00eda fluyendo desde tu interior hacia fuera. Observa c\u00f3mo es esto en tu caso.<\/p>\n\n\n\n<p class=\"wp-block-paragraph\">Imagina que est\u00e1s nuevamente en el centro y que, al estar all\u00ed, est\u00e1s conectado con tu alma, con lo espiritual; y que, desde all\u00ed, a veces puedes percibir muy claramente cu\u00e1l es tu camino. Tienes intuiciones y revelaciones que te dan una sensaci\u00f3n de alegr\u00eda y esperanza. Entonces surge la pregunta: \u00bfc\u00f3mo se traduce esto en el mundo, en la realidad f\u00edsica que habitas? Y con esa pregunta aparece tambi\u00e9n la cuesti\u00f3n del tiempo. Las intuiciones y revelaciones que recibes desde tu dimensi\u00f3n c\u00f3smica y vertical son atemporales, mientras que lo que encuentras en el mundo en la dimensi\u00f3n horizontal se mueve en el \u00e1mbito del tiempo y la materia, donde se hacen planes y se busca ver resultados. Entonces imagina c\u00f3mo puedes armonizar ambos aspectos de la mejor manera posible.<\/p>\n\n\n\n<p class=\"wp-block-paragraph\">Cuando est\u00e1s en el centro, est\u00e1s en tu coraz\u00f3n. Desde ah\u00ed, imag\u00ednate abierto a los impulsos de tu alma\u2014esos suaves susurros que vienen a ti ocasionalmente y te dicen lo que ser\u00eda alegre e inspirador para ti en tu vida. Ahora mira si logras recibir esas iluminaciones en tu coraz\u00f3n y desde all\u00ed irradiarlas al mundo a lo largo del eje horizontal. Siente si puedes aferrarte a la Luz de tu alma, de modo que toda la cruz sea vivificada por tu Luz. Ve qu\u00e9 podr\u00edas necesitar para permanecer fiel a esas revelaciones y a la Luz de tu alma.<\/p>\n\n\n\n<p class=\"wp-block-paragraph\">Es importante que te mantengas conectado tanto con tu vida interior como con la exterior. Ambas dimensiones deber\u00edan estar en equilibrio para que te sientas verdaderamente realizado como ser humano. Pero date cuenta que en la dimensi\u00f3n vertical de tu alma\u2014o de tu ser superior\u2014reside la verdad esencial de que ya sabes todo lo que eres. T\u00fa eres el milagro; eres parte de Dios, incondicionalmente. No creas en la dualidad del mundo, que te dice que debes convertirte en mil cosas distintas o mejorar todo tipo de cosas en ti mismo. Ten fe en el milagro; recon\u00f3celo en ti mismo, tal como puedes reconocerlo en el otro.<\/p>\n\n\n\n<p class=\"wp-block-paragraph\">El milagro del propio ser, de la propia esencia, est\u00e1 siempre ah\u00ed. S\u00e9 fiel a ese saber interior cuando salgas al mundo. En este mundo hay una necesidad de esa comprensi\u00f3n y de ese flujo de energ\u00eda que proviene de la dimensi\u00f3n de lo atemporal, de la dimensi\u00f3n del alma. Ese es siempre el punto de partida de la verdadera inspiraci\u00f3n. No tengas miedo de permitir que ese flujo entre libremente en el mundo. De este modo, tu alma se manifiesta a s\u00ed misma en el tiempo, en el espacio, en la materia, y eso trae inspiraci\u00f3n para ti y tambi\u00e9n para los dem\u00e1s.<\/p>\n\n\n\n<p class=\"wp-block-paragraph\">El eje horizontal que te conecta con el mundo suele provocar tensiones en tu interior. Puede que haya presiones sobre ti que te hagan creer que debes hacer todo tipo de cosas. Es una presi\u00f3n que te aleja de ti mismo y que te puede llevar a desear apartarte del mundo exterior para vivir principalmente en tu mundo interior, lejos de la sociedad. Pero el arte necesario consiste en manifestar la Luz de tu propia alma y, as\u00ed, ser fiel a sus impulsos, manteni\u00e9ndote, al mismo tiempo, conectado con el mundo que te rodea. Manifestar tu Luz es el mayor regalo que puedes ofrecer a los dem\u00e1s, pues eso los anima a hacer lo mismo.<\/p>\n\n\n\n<p class=\"wp-block-paragraph\">No tengas miedo de tu propia Luz. Mantente en contacto con tu alma y tambi\u00e9n con el mundo, ya que esa es, sin duda, tu tarea en este momento: irradiar qui\u00e9n eres en el mundo\u2014no retirarte de \u00e9l, sino permanecer en \u00e9l e irradiar tu Luz.<\/p>\n\n\n\n<p class=\"wp-block-paragraph\">Os agradezco a todos su presencia. Estoy con vosotros, como un amigo, y permanezco a vuestro lado. Con alegr\u00eda, reconozco la maravilla que hay en vosotros. Tened fe en todo lo que vais a realizar.<\/p>\n\n\n\n<p class=\"wp-block-paragraph\"><strong>\u00a9 Pamela Kribbe<\/strong><\/p>\n\n\n\n<p class=\"wp-block-paragraph\">Traducido del ingl\u00e9s por Isabel Suarez-Perez<\/p>\n\n\n\n<hr class=\"wp-block-separator aligncenter has-alpha-channel-opacity\"\/>\n\n\n<div class=\"n2-section-smartslider fitvidsignore  n2_clear\" data-ssid=\"2\"><div id=\"n2-ss-2-align\" class=\"n2-ss-align\"><div class=\"n2-padding\"><div id=\"n2-ss-2\" data-creator=\"Smart Slider 3\" data-responsive=\"auto\" class=\"n2-ss-slider n2-ow n2-has-hover n2notransition  \">\n        <div class=\"n2-ss-slider-1 n2-ow\">\n            <div class=\"n2-ss-slider-2 n2-ow\">\n                <div class=\"n2-ss-slide-backgrounds n2-ow-all\"><div class=\"n2-ss-slide-background\" data-public-id=\"1\" data-mode=\"fill\"><div data-color=\"RGBA(255,255,255,0)\" style=\"background-color: RGBA(255,255,255,0);\" class=\"n2-ss-slide-background-color\"><\/div><\/div><\/div>                <div class=\"n2-ss-slider-3 n2-ow\">\n                    <svg xmlns=\"http:\/\/www.w3.org\/2000\/svg\" viewBox=\"0 0 900 650\" data-related-device=\"desktopPortrait\" class=\"n2-ow n2-ss-preserve-size n2-ss-preserve-size--slider n2-ss-slide-limiter\"><\/svg><div data-first=\"1\" data-slide-duration=\"0\" data-id=\"4\" data-slide-public-id=\"1\" data-title=\"Slide\" class=\"n2-ss-slide n2-ow  n2-ss-slide-4\"><div role=\"note\" class=\"n2-ss-slide--focus\" tabindex=\"-1\">Slide<\/div><div class=\"n2-ss-layers-container n2-ss-slide-limiter n2-ow\"><div class=\"n2-ss-layer n2-ow n-uc-QloMuLyrl8Av\" data-sstype=\"slide\" data-pm=\"default\"><div class=\"n2-ss-layer n2-ow n-uc-rcA3vDLQbUgT\" data-pm=\"default\" data-sstype=\"content\" data-hasbackground=\"1\"><div class=\"n2-ss-section-main-content n2-ss-layer-with-background n2-ss-layer-content n2-ow n-uc-rcA3vDLQbUgT-inner\"><div class=\"n2-ss-layer n2-ow n-uc-LKacvHrjC2GY\" data-pm=\"absolute\" data-responsiveposition=\"1\" data-desktopportraitleft=\"-206\" data-desktopportraittop=\"-48\" data-responsivesize=\"1\" data-desktopportraitwidth=\"402\" data-desktopportraitheight=\"457\" data-desktopportraitalign=\"center\" data-desktopportraitvalign=\"middle\" data-parentid=\"\" data-desktopportraitparentalign=\"center\" data-desktopportraitparentvalign=\"middle\" data-sstype=\"layer\"><div class=\" n2-ss-item-image-content n2-ss-item-content n2-ow-all\"><a href=\"https:\/\/vesicapiscis.eu\/produit\/la-mujer-prohibida-habla\"><img loading=\"lazy\" decoding=\"async\" id=\"n2-ss-2item1\" alt=\"\" class=\"skip-lazy\" width=\"400\" height=\"445\" data-skip-lazy=\"1\" src=\"\/\/jeshua.net\/esp\/wp\/wp-content\/uploads\/2024\/12\/Spaans-boek.jpg\" \/><\/a><\/div><\/div><div class=\"n2-ss-layer n2-ow n-uc-9hlD86n0uUlI\" data-pm=\"absolute\" data-responsiveposition=\"1\" data-desktopportraitleft=\"212\" data-desktopportraittop=\"-48\" data-responsivesize=\"1\" data-desktopportraitwidth=\"366\" data-desktopportraitheight=\"457\" data-desktopportraitalign=\"center\" data-desktopportraitvalign=\"middle\" data-parentid=\"\" data-desktopportraitparentalign=\"center\" data-desktopportraitparentvalign=\"middle\" data-sstype=\"layer\"><div class=\" n2-ss-item-image-content n2-ss-item-content n2-ow-all\"><a href=\"https:\/\/vesicapiscis.eu\/produit\/el-hombre-prohibido-habla\"><img loading=\"lazy\" decoding=\"async\" id=\"n2-ss-2item2\" alt=\"\" class=\"skip-lazy\" width=\"475\" height=\"587\" data-skip-lazy=\"1\" src=\"\/\/jeshua.net\/esp\/wp\/wp-content\/uploads\/2025\/02\/sb2.jpg\" \/><\/a><\/div><\/div><div class=\"n2-ss-layer n2-ow n-uc-fG2jU9yziSJ5\" style=\"overflow:hidden;\" data-pm=\"absolute\" data-responsiveposition=\"1\" data-desktopportraitleft=\"-19\" data-desktopportraittop=\"240\" data-responsivesize=\"1\" data-desktopportraitwidth=\"818\" data-desktopportraitheight=\"57\" data-desktopportraitalign=\"center\" data-desktopportraitvalign=\"middle\" data-parentid=\"\" data-desktopportraitparentalign=\"center\" data-desktopportraitparentvalign=\"middle\" data-sstype=\"layer\"><div id=\"n2-ss-2item3\" class=\"  n2-ss-item-content n2-ss-text n2-ow\" style=\"display:block;\"><a class=\"n2-ow n2-font-577e3e94d392c80545fffaf7623e9404-hover n2-style-e3984e50e24633fb813d19d72be6b757-heading \" style=\"display:block;\" href=\"https:\/\/vesicapiscis.eu\/categorie-produit\/pk\">Libros de Pamela Kribbe<\/a><\/div><\/div><\/div><\/div><\/div><\/div><\/div>                <\/div>\n                            <\/div>\n        <\/div>\n        <\/div><ss3-loader><\/ss3-loader><\/div><\/div><div class=\"n2_clear\"><\/div><\/div>","protected":false},"excerpt":{"rendered":"<p>Pamela Kribbe canaliza a Jeshua Queridos amigos, Soy Jeshua. Estoy aqu\u00ed con vosotros para recordaros de un futuro que os aguarda, pero que ya est\u00e1 presente en vuestro interior. Os dirig\u00eds hacia el futuro y, al mismo tiempo, os dirig\u00eds tambi\u00e9n hacia el pasado, regresando a la esencia de qui\u00e9nes sois y de qui\u00e9nes&#8230;<\/p>\n<p class=\"read-more\"><a class=\"btn btn-default\" href=\"https:\/\/jeshua.net\/esp\/canalizaciones\/mananas-con-jeshua\/el-milagro-ya-ha-sucedido\/\"> Read More<span class=\"screen-reader-text\">  Read More<\/span><\/a><\/p>\n","protected":false},"author":1,"featured_media":0,"comment_status":"open","ping_status":"open","sticky":false,"template":"","format":"standard","meta":{"footnotes":""},"categories":[7],"tags":[],"class_list":["post-1372","post","type-post","status-publish","format-standard","hentry","category-mananas-con-jeshua"],"_links":{"self":[{"href":"https:\/\/jeshua.net\/esp\/wp-json\/wp\/v2\/posts\/1372","targetHints":{"allow":["GET"]}}],"collection":[{"href":"https:\/\/jeshua.net\/esp\/wp-json\/wp\/v2\/posts"}],"about":[{"href":"https:\/\/jeshua.net\/esp\/wp-json\/wp\/v2\/types\/post"}],"author":[{"embeddable":true,"href":"https:\/\/jeshua.net\/esp\/wp-json\/wp\/v2\/users\/1"}],"replies":[{"embeddable":true,"href":"https:\/\/jeshua.net\/esp\/wp-json\/wp\/v2\/comments?post=1372"}],"version-history":[{"count":1,"href":"https:\/\/jeshua.net\/esp\/wp-json\/wp\/v2\/posts\/1372\/revisions"}],"predecessor-version":[{"id":1373,"href":"https:\/\/jeshua.net\/esp\/wp-json\/wp\/v2\/posts\/1372\/revisions\/1373"}],"wp:attachment":[{"href":"https:\/\/jeshua.net\/esp\/wp-json\/wp\/v2\/media?parent=1372"}],"wp:term":[{"taxonomy":"category","embeddable":true,"href":"https:\/\/jeshua.net\/esp\/wp-json\/wp\/v2\/categories?post=1372"},{"taxonomy":"post_tag","embeddable":true,"href":"https:\/\/jeshua.net\/esp\/wp-json\/wp\/v2\/tags?post=1372"}],"curies":[{"name":"wp","href":"https:\/\/api.w.org\/{rel}","templated":true}]}}